{"id":3139,"date":"2024-01-19T08:11:37","date_gmt":"2024-01-19T07:11:37","guid":{"rendered":"https:\/\/vietnam-generalkonsulat.de\/?p=3139"},"modified":"2024-01-22T21:55:16","modified_gmt":"2024-01-22T20:55:16","slug":"bundespraesident-steinmeier-besucht-vietnam","status":"publish","type":"post","link":"https:\/\/vietnam-generalkonsulat.de\/de\/bundespraesident-steinmeier-besucht-vietnam-3139\/","title":{"rendered":"Bundespr\u00e4sident Steinmeier besucht Vietnam"},"content":{"rendered":"\t\t<div data-elementor-type=\"wp-post\" data-elementor-id=\"3139\" class=\"elementor elementor-3139 elementor-3111\" data-elementor-settings=\"{&quot;ha_cmc_init_switcher&quot;:&quot;no&quot;}\" data-elementor-post-type=\"post\">\n\t\t\t\t\t\t<section class=\"elementor-section elementor-top-section elementor-element elementor-element-1d244e1 elementor-section-boxed elementor-section-height-default elementor-section-height-default\" data-id=\"1d244e1\" data-element_type=\"section\" data-e-type=\"section\" data-settings=\"{&quot;_ha_eqh_enable&quot;:false}\">\n\t\t\t\t\t\t<div class=\"elementor-container elementor-column-gap-default\">\n\t\t\t\t\t<div class=\"elementor-column elementor-col-100 elementor-top-column elementor-element elementor-element-d3af112\" data-id=\"d3af112\" data-element_type=\"column\" data-e-type=\"column\">\n\t\t\t<div class=\"elementor-widget-wrap elementor-element-populated\">\n\t\t\t\t\t\t<div class=\"elementor-element elementor-element-0665546 elementor-widget elementor-widget-text-editor\" data-id=\"0665546\" data-element_type=\"widget\" data-e-type=\"widget\" data-widget_type=\"text-editor.default\">\n\t\t\t\t<div class=\"elementor-widget-container\">\n\t\t\t\t\t\t\t\t\t<p align=\"left\">Dies ist der erste Besuch\u00a0eines\u00a0Bundespr\u00e4sidenten der Bundesrepublik Deutschland in Vietnam seit 17 Jahren. Er findet etwas mehr als ein Jahr nach dem offiziellen Besuch des deutschen Bundeskanzlers Olaf Scholz in Vietnam statt. Dies ist auch der erste Staatsbesuch eines europ\u00e4ischen Staatsoberhaupts in Vietnam im Jahr 2024.\u00a0<\/p><p align=\"left\"><b>Die strategische Partnerschaft wurde effizient und umfassend umgesetzt<\/b><\/p><p align=\"left\">Vietnam und Deutschland haben am 23. September 1975 diplomatische Beziehungen aufgenommen. W\u00e4hrend des Besuchs der deutschen Bundeskanzlerin Angela Merkel im Oktober 2011 in Vietnam wurden die Beziehungen zwischen den beiden L\u00e4ndern zu einer strategischen Partnerschaft aufgewertet. Seitdem haben sich die freundschaftlichen Beziehungen sowie die Zusammenarbeit zwischen den beiden L\u00e4ndern positiv, effektiv und umfassend entwickelt.<\/p><p align=\"left\">In den letzten Jahren, auch w\u00e4hrend der Covid-19-Pandemie, wurde die Zusammenarbeit zwischen den beiden L\u00e4ndern in allen Bereichen weiterhin stark gef\u00f6rdert. Das tiefe Vertrauen, die diplomatischen und politischen Beziehungen, einschlie\u00dflich zwischen den Spitzenpolitikern,\u00a0zwischen den\u00a0Provinzen sowie zwischen den V\u00f6lkern beider L\u00e4nder sind bedeutende Erfolge der Umsetzung der strategischen Partnerschaft zwischen beiden L\u00e4ndern.\u00a0<\/p><p align=\"left\">Heute ist Deutschland der gr\u00f6\u00dfte Handelspartner Vietnams in der Europ\u00e4ischen Union (EU), w\u00e4hrend Vietnam der gr\u00f6\u00dfte Handelspartner Deutschlands in S\u00fcdostasien ist. Der bilaterale Handel zwischen den beiden L\u00e4ndern ist schnell gewachsen und\u00a0lag\u00a0im Jahr 2022\u00a0bei\u00a012,6 Milliarden US-Dollar. Dies entsprach einer Steigerung von \u00fcber zw\u00f6lf Prozent gegen\u00fcber 2021. Bislang hat Deutschland fast 2,7 Milliarden US-Dollar in Vietnam investiert und belegt damit den 18. Platz von 143 L\u00e4ndern und Regionen.\u00a0<\/p><p align=\"left\">Derzeit studieren mehr als 7000\u00a0junge Vietnamesen\u00a0in Deutschland. Das Projekt der Vietnam-Deutschland-Universit\u00e4t wird von der deutschen Bundesregierung und dem Bundesland Hessen unterst\u00fctzt. Dies tr\u00e4gt dazu bei, hochqualifizierte Arbeitskr\u00e4fte f\u00fcr Vietnam auszubilden. Die vietnamesische Gemeinschaft in Deutschland umfasst derzeit etwa 200.000 Menschen, die einen positiven Beitrag zur sozio\u00f6konomischen Entwicklung Deutschlands sowie zu Beziehungen zwischen den beiden L\u00e4ndern leisten.\u00a0<\/p><p align=\"left\">Vietnam und Deutschland sind beide aktive und verantwortungsbewusste Mitglieder\u00a0der\u00a0internationalen Gemeinschaft. Beide Staaten kooperieren effektiv in verschiedenen internationalen Foren. Darunter sind die Vereinten Nationen und das Asiatisch-Europ\u00e4ische Treffen (ASEM). Die beiden L\u00e4nder haben auch erfolgreich zusammengearbeitet, als sie gemeinsam als nichtst\u00e4ndige Mitglieder im UN-Sicherheitsrat der Vereinten Nationen t\u00e4tig waren. Deutschland und Vietnam sind beide Mitglieder im Menschenrechtsrat der Vereinten Nationen f\u00fcr die Amtszeit 2023-2025, was weitere M\u00f6glichkeiten f\u00fcr eine Zusammenarbeit in diesem wichtigen Forum er\u00f6ffnet.<\/p><p align=\"left\"><b>Er\u00f6ffnung zahlreicher\u00a0Chancen zur Kooperation<\/b><\/p><p align=\"left\">Der Staatsbesuch des deutschen Bundespr\u00e4sidenten Frank-Walter Steinmeier in Vietnam wird viele neue Kooperationsm\u00f6glichkeiten er\u00f6ffnen. Vietnam wird von deutschen Unternehmern und Investoren als einer der attraktivsten M\u00e4rkte f\u00fcr Investitionen und Handel betrachtet.<\/p><p align=\"left\">Die Zusammenarbeit in Bereichen wie Bildung, Berufsausbildung, erneuerbare Energien und Verarbeitung von Agrarprodukten gilt als besonders vielversprechend. Vietnam verf\u00fcgt \u00fcber Naturressourcen wie reichlich Sonnenlicht und Wind\u00a0sowie\u00a0eine lange K\u00fcste. Das sind g\u00fcnstige Bedingungen f\u00fcr die Kooperation mit deutschen Energieunternehmen, die moderne Technologien zur Entwicklung von\u00a0sauberen und erneuerbaren Energien\u00a0wie Windkraft, Solarenergie oder\u00a0zur\u00a0Wasserstoffproduktion einsetzen.\u00a0Deutschland\u00a0beschleunigt\u00a0derzeit\u00a0den Prozess der Umstellung auf erneuerbare und saubere Energiequellen. Alles schafft viele neue gro\u00dfe Kooperationsm\u00f6glichkeiten zwischen den beiden L\u00e4ndern. Die starke Entwicklung von gr\u00fcner Technologie, digitaler Technologie, Maschinenbau Deutschlands sowie\u00a0Umweltschutzma\u00dfnahmen\u00a0Vietnams sind g\u00fcnstige Faktoren f\u00fcr beide Seiten, die Zusammenarbeit in Investitionen und Technologietransfer zu intensivieren.\u00a0<\/p><p align=\"left\">Der Staatsbesuch des deutschen Bundespr\u00e4sidenten Frank-Walter Steinmeier in Vietnam f\u00f6rdert weiterhin die strategische Partnerschaft und tr\u00e4gt dazu bei, das politische Vertrauen zu st\u00e4rken und neue Impulse f\u00fcr die Zusammenarbeit zwischen beiden L\u00e4ndern zu schaffen.\u00a0<\/p><p style=\"text-align: right;\" align=\"left\">(<a class=\"wpel-icon-right\" href=\"https:\/\/vovworld.vn\/de-DE\/politische-aktualitat\/vertiefung-der-strategischen-partnerschaft-zwischen-vietnam-und-deutschland-1265494.vov\" target=\"_blank\" rel=\"external noopener noreferrer\" data-wpel-link=\"external\">VOVWorld<i class=\"wpel-icon fa fa-external-link\" aria-hidden=\"true\"><\/i><i class=\"wpel-icon dashicons-before dashicons-external\" aria-hidden=\"true\"><\/i><\/a>\u00a0\/ Anh Huyen)<\/p>\t\t\t\t\t\t\t\t<\/div>\n\t\t\t\t<\/div>\n\t\t\t\t\t<\/div>\n\t\t<\/div>\n\t\t\t\t\t<\/div>\n\t\t<\/section>\n\t\t\t\t<\/div>\n\t\t","protected":false},"excerpt":{"rendered":"<p>Auf Einladung des Staatspr\u00e4sidenten Vo Van Thuong wird der deutsche Bundespr\u00e4sident Frank-Walter Steinmeier am 23. und 24. Januar Vietnam besuchen. Sein Besuch ist ein Meilenstein in den bilateralen Beziehungen zwischen beiden L\u00e4ndern und wird der strategischen Partnerschaft zwischen Vietnam und Deutschland in Zukunft neue Impulse geben.<\/p>\n","protected":false},"author":1,"featured_media":3122,"comment_status":"closed","ping_status":"closed","sticky":false,"template":"","format":"standard","meta":{"site-sidebar-layout":"default","site-content-layout":"","ast-site-content-layout":"default","site-content-style":"default","site-sidebar-style":"default","ast-global-header-display":"","ast-banner-title-visibility":"","ast-main-header-display":"","ast-hfb-above-header-display":"","ast-hfb-below-header-display":"","ast-hfb-mobile-header-display":"","site-post-title":"","ast-breadcrumbs-content":"","ast-featured-img":"","footer-sml-layout":"","ast-disable-related-posts":"","theme-transparent-header-meta":"","adv-header-id-meta":"","stick-header-meta":"","header-above-stick-meta":"","header-main-stick-meta":"","header-below-stick-meta":"","astra-migrate-meta-layouts":"set","ast-page-background-enabled":"default","ast-page-background-meta":{"desktop":{"background-color":"var(--ast-global-color-4)","background-image":"","background-repeat":"repeat","background-position":"center center","background-size":"auto","background-attachment":"scroll","background-type":"","background-media":"","overlay-type":"","overlay-color":"","overlay-opacity":"","overlay-gradient":""},"tablet":{"background-color":"","background-image":"","background-repeat":"repeat","background-position":"center center","background-size":"auto","background-attachment":"scroll","background-type":"","background-media":"","overlay-type":"","overlay-color":"","overlay-opacity":"","overlay-gradient":""},"mobile":{"background-color":"","background-image":"","background-repeat":"repeat","background-position":"center center","background-size":"auto","background-attachment":"scroll","background-type":"","background-media":"","overlay-type":"","overlay-color":"","overlay-opacity":"","overlay-gradient":""}},"ast-content-background-meta":{"desktop":{"background-color":"var(--ast-global-color-5)","background-image":"","background-repeat":"repeat","background-position":"center center","background-size":"auto","background-attachment":"scroll","background-type":"","background-media":"","overlay-type":"","overlay-color":"","overlay-opacity":"","overlay-gradient":""},"tablet":{"background-color":"var(--ast-global-color-5)","background-image":"","background-repeat":"repeat","background-position":"center center","background-size":"auto","background-attachment":"scroll","background-type":"","background-media":"","overlay-type":"","overlay-color":"","overlay-opacity":"","overlay-gradient":""},"mobile":{"background-color":"var(--ast-global-color-5)","background-image":"","background-repeat":"repeat","background-position":"center center","background-size":"auto","background-attachment":"scroll","background-type":"","background-media":"","overlay-type":"","overlay-color":"","overlay-opacity":"","overlay-gradient":""}},"_glsr_average":0,"_glsr_ranking":0,"_glsr_reviews":0,"footnotes":""},"categories":[58],"tags":[175,176],"class_list":["post-3139","post","type-post","status-publish","format-standard","has-post-thumbnail","hentry","category-nachrichten","tag-bundespraesident-steinmeier","tag-staatsbesuch"],"yoast_head":"<!-- This site is optimized with the Yoast SEO plugin v27.5 - https:\/\/yoast.com\/product\/yoast-seo-wordpress\/ -->\n<title>Bundespr\u00e4sident Steinmeier besucht Vietnam - Generalkonsulat der S.R. Vietnam in Frankfurt am Main<\/title>\n<meta name=\"description\" content=\"Auf Einladung des Staatspr\u00e4sidenten Vo Van Thuong wird der deutsche Bundespr\u00e4sident Frank-Walter Steinmeier am 23. und 24. Januar Vietnam besuchen. Sein Besuch ist ein Meilenstein in den bilateralen Beziehungen zwischen beiden L\u00e4ndern und wird der strategischen Partnerschaft zwischen Vietnam und Deutschland in Zukunft neue Impulse geben.\" \/>\n<meta name=\"robots\" content=\"index, follow, max-snippet:-1, max-image-preview:large, max-video-preview:-1\" \/>\n<link rel=\"canonical\" href=\"https:\/\/vietnam-generalkonsulat.de\/de\/bundespraesident-steinmeier-besucht-vietnam-3139\/\" \/>\n<meta property=\"og:locale\" content=\"de_DE\" \/>\n<meta property=\"og:type\" content=\"article\" \/>\n<meta property=\"og:title\" content=\"Bundespr\u00e4sident Steinmeier besucht Vietnam - Generalkonsulat der S.R. Vietnam in Frankfurt am Main\" \/>\n<meta property=\"og:description\" content=\"Auf Einladung des Staatspr\u00e4sidenten Vo Van Thuong wird der deutsche Bundespr\u00e4sident Frank-Walter Steinmeier am 23. und 24. Januar Vietnam besuchen. Sein Besuch ist ein Meilenstein in den bilateralen Beziehungen zwischen beiden L\u00e4ndern und wird der strategischen Partnerschaft zwischen Vietnam und Deutschland in Zukunft neue Impulse geben.\" \/>\n<meta property=\"og:url\" content=\"https:\/\/vietnam-generalkonsulat.de\/de\/bundespraesident-steinmeier-besucht-vietnam-3139\/\" \/>\n<meta property=\"og:site_name\" content=\"Generalkonsulat der S.R. Vietnam in Frankfurt am Main\" \/>\n<meta property=\"article:publisher\" content=\"https:\/\/www.facebook.com\/vietnam.generalkonsulat\" \/>\n<meta property=\"article:published_time\" content=\"2024-01-19T07:11:37+00:00\" \/>\n<meta property=\"article:modified_time\" content=\"2024-01-22T20:55:16+00:00\" \/>\n<meta property=\"og:image\" content=\"https:\/\/vietnam-generalkonsulat.de\/wp-content\/uploads\/2024\/01\/tsctamanh214_qfuy.jpg\" \/>\n\t<meta property=\"og:image:width\" content=\"730\" \/>\n\t<meta property=\"og:image:height\" content=\"514\" \/>\n\t<meta property=\"og:image:type\" content=\"image\/jpeg\" \/>\n<meta name=\"author\" content=\"admin\" \/>\n<meta name=\"twitter:card\" content=\"summary_large_image\" \/>\n<meta name=\"twitter:label1\" content=\"Verfasst von\" \/>\n\t<meta name=\"twitter:data1\" content=\"admin\" \/>\n\t<meta name=\"twitter:label2\" content=\"Gesch\u00e4tzte Lesezeit\" \/>\n\t<meta name=\"twitter:data2\" content=\"4\u00a0Minuten\" \/>\n<script type=\"application\/ld+json\" class=\"yoast-schema-graph\">{\"@context\":\"https:\\\/\\\/schema.org\",\"@graph\":[{\"@type\":\"Article\",\"@id\":\"https:\\\/\\\/vietnam-generalkonsulat.de\\\/de\\\/bundespraesident-steinmeier-besucht-vietnam-3139\\\/#article\",\"isPartOf\":{\"@id\":\"https:\\\/\\\/vietnam-generalkonsulat.de\\\/de\\\/bundespraesident-steinmeier-besucht-vietnam-3139\\\/\"},\"author\":{\"name\":\"admin\",\"@id\":\"https:\\\/\\\/vietnam-generalkonsulat.de\\\/#\\\/schema\\\/person\\\/390a4ea04bb432970e2dd697cc30ace9\"},\"headline\":\"Bundespr\u00e4sident Steinmeier besucht Vietnam\",\"datePublished\":\"2024-01-19T07:11:37+00:00\",\"dateModified\":\"2024-01-22T20:55:16+00:00\",\"mainEntityOfPage\":{\"@id\":\"https:\\\/\\\/vietnam-generalkonsulat.de\\\/de\\\/bundespraesident-steinmeier-besucht-vietnam-3139\\\/\"},\"wordCount\":599,\"publisher\":{\"@id\":\"https:\\\/\\\/vietnam-generalkonsulat.de\\\/#organization\"},\"image\":{\"@id\":\"https:\\\/\\\/vietnam-generalkonsulat.de\\\/de\\\/bundespraesident-steinmeier-besucht-vietnam-3139\\\/#primaryimage\"},\"thumbnailUrl\":\"https:\\\/\\\/vietnam-generalkonsulat.de\\\/wp-content\\\/uploads\\\/2024\\\/01\\\/tsctamanh214_qfuy.jpg\",\"keywords\":[\"Bundespr\u00e4sident Steinmeier\",\"Staatsbesuch\"],\"articleSection\":[\"Nachrichten\"],\"inLanguage\":\"de\"},{\"@type\":\"WebPage\",\"@id\":\"https:\\\/\\\/vietnam-generalkonsulat.de\\\/de\\\/bundespraesident-steinmeier-besucht-vietnam-3139\\\/\",\"url\":\"https:\\\/\\\/vietnam-generalkonsulat.de\\\/de\\\/bundespraesident-steinmeier-besucht-vietnam-3139\\\/\",\"name\":\"Bundespr\u00e4sident Steinmeier besucht Vietnam - Generalkonsulat der S.R. Vietnam in Frankfurt am Main\",\"isPartOf\":{\"@id\":\"https:\\\/\\\/vietnam-generalkonsulat.de\\\/#website\"},\"primaryImageOfPage\":{\"@id\":\"https:\\\/\\\/vietnam-generalkonsulat.de\\\/de\\\/bundespraesident-steinmeier-besucht-vietnam-3139\\\/#primaryimage\"},\"image\":{\"@id\":\"https:\\\/\\\/vietnam-generalkonsulat.de\\\/de\\\/bundespraesident-steinmeier-besucht-vietnam-3139\\\/#primaryimage\"},\"thumbnailUrl\":\"https:\\\/\\\/vietnam-generalkonsulat.de\\\/wp-content\\\/uploads\\\/2024\\\/01\\\/tsctamanh214_qfuy.jpg\",\"datePublished\":\"2024-01-19T07:11:37+00:00\",\"dateModified\":\"2024-01-22T20:55:16+00:00\",\"description\":\"Auf Einladung des Staatspr\u00e4sidenten Vo Van Thuong wird der deutsche Bundespr\u00e4sident Frank-Walter Steinmeier am 23. und 24. Januar Vietnam besuchen. Sein Besuch ist ein Meilenstein in den bilateralen Beziehungen zwischen beiden L\u00e4ndern und wird der strategischen Partnerschaft zwischen Vietnam und Deutschland in Zukunft neue Impulse geben.\",\"breadcrumb\":{\"@id\":\"https:\\\/\\\/vietnam-generalkonsulat.de\\\/de\\\/bundespraesident-steinmeier-besucht-vietnam-3139\\\/#breadcrumb\"},\"inLanguage\":\"de\",\"potentialAction\":[{\"@type\":\"ReadAction\",\"target\":[\"https:\\\/\\\/vietnam-generalkonsulat.de\\\/de\\\/bundespraesident-steinmeier-besucht-vietnam-3139\\\/\"]}]},{\"@type\":\"ImageObject\",\"inLanguage\":\"de\",\"@id\":\"https:\\\/\\\/vietnam-generalkonsulat.de\\\/de\\\/bundespraesident-steinmeier-besucht-vietnam-3139\\\/#primaryimage\",\"url\":\"https:\\\/\\\/vietnam-generalkonsulat.de\\\/wp-content\\\/uploads\\\/2024\\\/01\\\/tsctamanh214_qfuy.jpg\",\"contentUrl\":\"https:\\\/\\\/vietnam-generalkonsulat.de\\\/wp-content\\\/uploads\\\/2024\\\/01\\\/tsctamanh214_qfuy.jpg\",\"width\":730,\"height\":514,\"caption\":\"Der deutsche Bundespr\u00e4sident, Frank-Walter Steinmeier und seine Gattin,Elke B\u00fcdenbender (Foto: Deutsche Botschaft)\"},{\"@type\":\"BreadcrumbList\",\"@id\":\"https:\\\/\\\/vietnam-generalkonsulat.de\\\/de\\\/bundespraesident-steinmeier-besucht-vietnam-3139\\\/#breadcrumb\",\"itemListElement\":[{\"@type\":\"ListItem\",\"position\":1,\"name\":\"Home\",\"item\":\"https:\\\/\\\/vietnam-generalkonsulat.de\\\/\"},{\"@type\":\"ListItem\",\"position\":2,\"name\":\"Bundespr\u00e4sident Steinmeier besucht Vietnam\"}]},{\"@type\":\"WebSite\",\"@id\":\"https:\\\/\\\/vietnam-generalkonsulat.de\\\/#website\",\"url\":\"https:\\\/\\\/vietnam-generalkonsulat.de\\\/\",\"name\":\"T\u1ed5ng L\u00e3nh s\u1ef1 qu\u00e1n Vi\u1ec7t Nam t\u1ea1i Frankfurt am Main\",\"description\":\"Consulate General of the Socialist Republic of Vietnam in Frankfurt am Main\",\"publisher\":{\"@id\":\"https:\\\/\\\/vietnam-generalkonsulat.de\\\/#organization\"},\"alternateName\":\"Generalkonsulat Vietnam in Frankfurt am Main\",\"potentialAction\":[{\"@type\":\"SearchAction\",\"target\":{\"@type\":\"EntryPoint\",\"urlTemplate\":\"https:\\\/\\\/vietnam-generalkonsulat.de\\\/?s={search_term_string}\"},\"query-input\":{\"@type\":\"PropertyValueSpecification\",\"valueRequired\":true,\"valueName\":\"search_term_string\"}}],\"inLanguage\":\"de\"},{\"@type\":\"Organization\",\"@id\":\"https:\\\/\\\/vietnam-generalkonsulat.de\\\/#organization\",\"name\":\"T\u1ed5ng L\u00e3nh s\u1ef1 qu\u00e1n Vi\u1ec7t Nam t\u1ea1i Frankfurt am Main\",\"alternateName\":\"Generalkonsulat Vietnam in Frankfurt am Main\",\"url\":\"https:\\\/\\\/vietnam-generalkonsulat.de\\\/\",\"logo\":{\"@type\":\"ImageObject\",\"inLanguage\":\"de\",\"@id\":\"https:\\\/\\\/vietnam-generalkonsulat.de\\\/#\\\/schema\\\/logo\\\/image\\\/\",\"url\":\"https:\\\/\\\/vietnam-generalkonsulat.de\\\/wp-content\\\/uploads\\\/2022\\\/03\\\/QuocHuy_400px.png\",\"contentUrl\":\"https:\\\/\\\/vietnam-generalkonsulat.de\\\/wp-content\\\/uploads\\\/2022\\\/03\\\/QuocHuy_400px.png\",\"width\":400,\"height\":405,\"caption\":\"T\u1ed5ng L\u00e3nh s\u1ef1 qu\u00e1n Vi\u1ec7t Nam t\u1ea1i Frankfurt am Main\"},\"image\":{\"@id\":\"https:\\\/\\\/vietnam-generalkonsulat.de\\\/#\\\/schema\\\/logo\\\/image\\\/\"},\"sameAs\":[\"https:\\\/\\\/www.facebook.com\\\/vietnam.generalkonsulat\"]},{\"@type\":\"Person\",\"@id\":\"https:\\\/\\\/vietnam-generalkonsulat.de\\\/#\\\/schema\\\/person\\\/390a4ea04bb432970e2dd697cc30ace9\",\"name\":\"admin\",\"image\":{\"@type\":\"ImageObject\",\"inLanguage\":\"de\",\"@id\":\"https:\\\/\\\/secure.gravatar.com\\\/avatar\\\/35e263e9b87239131d40f19c53fde5782163ab8ca9fd69666e25353b5e9ac241?s=96&d=mm&r=g\",\"url\":\"https:\\\/\\\/secure.gravatar.com\\\/avatar\\\/35e263e9b87239131d40f19c53fde5782163ab8ca9fd69666e25353b5e9ac241?s=96&d=mm&r=g\",\"contentUrl\":\"https:\\\/\\\/secure.gravatar.com\\\/avatar\\\/35e263e9b87239131d40f19c53fde5782163ab8ca9fd69666e25353b5e9ac241?s=96&d=mm&r=g\",\"caption\":\"admin\"}}]}<\/script>\n<!-- \/ Yoast SEO plugin. -->","yoast_head_json":{"title":"Bundespr\u00e4sident Steinmeier besucht Vietnam - Generalkonsulat der S.R. Vietnam in Frankfurt am Main","description":"Auf Einladung des Staatspr\u00e4sidenten Vo Van Thuong wird der deutsche Bundespr\u00e4sident Frank-Walter Steinmeier am 23. und 24. Januar Vietnam besuchen. Sein Besuch ist ein Meilenstein in den bilateralen Beziehungen zwischen beiden L\u00e4ndern und wird der strategischen Partnerschaft zwischen Vietnam und Deutschland in Zukunft neue Impulse geben.","robots":{"index":"index","follow":"follow","max-snippet":"max-snippet:-1","max-image-preview":"max-image-preview:large","max-video-preview":"max-video-preview:-1"},"canonical":"https:\/\/vietnam-generalkonsulat.de\/de\/bundespraesident-steinmeier-besucht-vietnam-3139\/","og_locale":"de_DE","og_type":"article","og_title":"Bundespr\u00e4sident Steinmeier besucht Vietnam - Generalkonsulat der S.R. Vietnam in Frankfurt am Main","og_description":"Auf Einladung des Staatspr\u00e4sidenten Vo Van Thuong wird der deutsche Bundespr\u00e4sident Frank-Walter Steinmeier am 23. und 24. Januar Vietnam besuchen. Sein Besuch ist ein Meilenstein in den bilateralen Beziehungen zwischen beiden L\u00e4ndern und wird der strategischen Partnerschaft zwischen Vietnam und Deutschland in Zukunft neue Impulse geben.","og_url":"https:\/\/vietnam-generalkonsulat.de\/de\/bundespraesident-steinmeier-besucht-vietnam-3139\/","og_site_name":"Generalkonsulat der S.R. Vietnam in Frankfurt am Main","article_publisher":"https:\/\/www.facebook.com\/vietnam.generalkonsulat","article_published_time":"2024-01-19T07:11:37+00:00","article_modified_time":"2024-01-22T20:55:16+00:00","og_image":[{"width":730,"height":514,"url":"https:\/\/vietnam-generalkonsulat.de\/wp-content\/uploads\/2024\/01\/tsctamanh214_qfuy.jpg","type":"image\/jpeg"}],"author":"admin","twitter_card":"summary_large_image","twitter_misc":{"Verfasst von":"admin","Gesch\u00e4tzte Lesezeit":"4\u00a0Minuten"},"schema":{"@context":"https:\/\/schema.org","@graph":[{"@type":"Article","@id":"https:\/\/vietnam-generalkonsulat.de\/de\/bundespraesident-steinmeier-besucht-vietnam-3139\/#article","isPartOf":{"@id":"https:\/\/vietnam-generalkonsulat.de\/de\/bundespraesident-steinmeier-besucht-vietnam-3139\/"},"author":{"name":"admin","@id":"https:\/\/vietnam-generalkonsulat.de\/#\/schema\/person\/390a4ea04bb432970e2dd697cc30ace9"},"headline":"Bundespr\u00e4sident Steinmeier besucht Vietnam","datePublished":"2024-01-19T07:11:37+00:00","dateModified":"2024-01-22T20:55:16+00:00","mainEntityOfPage":{"@id":"https:\/\/vietnam-generalkonsulat.de\/de\/bundespraesident-steinmeier-besucht-vietnam-3139\/"},"wordCount":599,"publisher":{"@id":"https:\/\/vietnam-generalkonsulat.de\/#organization"},"image":{"@id":"https:\/\/vietnam-generalkonsulat.de\/de\/bundespraesident-steinmeier-besucht-vietnam-3139\/#primaryimage"},"thumbnailUrl":"https:\/\/vietnam-generalkonsulat.de\/wp-content\/uploads\/2024\/01\/tsctamanh214_qfuy.jpg","keywords":["Bundespr\u00e4sident Steinmeier","Staatsbesuch"],"articleSection":["Nachrichten"],"inLanguage":"de"},{"@type":"WebPage","@id":"https:\/\/vietnam-generalkonsulat.de\/de\/bundespraesident-steinmeier-besucht-vietnam-3139\/","url":"https:\/\/vietnam-generalkonsulat.de\/de\/bundespraesident-steinmeier-besucht-vietnam-3139\/","name":"Bundespr\u00e4sident Steinmeier besucht Vietnam - Generalkonsulat der S.R. Vietnam in Frankfurt am Main","isPartOf":{"@id":"https:\/\/vietnam-generalkonsulat.de\/#website"},"primaryImageOfPage":{"@id":"https:\/\/vietnam-generalkonsulat.de\/de\/bundespraesident-steinmeier-besucht-vietnam-3139\/#primaryimage"},"image":{"@id":"https:\/\/vietnam-generalkonsulat.de\/de\/bundespraesident-steinmeier-besucht-vietnam-3139\/#primaryimage"},"thumbnailUrl":"https:\/\/vietnam-generalkonsulat.de\/wp-content\/uploads\/2024\/01\/tsctamanh214_qfuy.jpg","datePublished":"2024-01-19T07:11:37+00:00","dateModified":"2024-01-22T20:55:16+00:00","description":"Auf Einladung des Staatspr\u00e4sidenten Vo Van Thuong wird der deutsche Bundespr\u00e4sident Frank-Walter Steinmeier am 23. und 24. Januar Vietnam besuchen. Sein Besuch ist ein Meilenstein in den bilateralen Beziehungen zwischen beiden L\u00e4ndern und wird der strategischen Partnerschaft zwischen Vietnam und Deutschland in Zukunft neue Impulse geben.","breadcrumb":{"@id":"https:\/\/vietnam-generalkonsulat.de\/de\/bundespraesident-steinmeier-besucht-vietnam-3139\/#breadcrumb"},"inLanguage":"de","potentialAction":[{"@type":"ReadAction","target":["https:\/\/vietnam-generalkonsulat.de\/de\/bundespraesident-steinmeier-besucht-vietnam-3139\/"]}]},{"@type":"ImageObject","inLanguage":"de","@id":"https:\/\/vietnam-generalkonsulat.de\/de\/bundespraesident-steinmeier-besucht-vietnam-3139\/#primaryimage","url":"https:\/\/vietnam-generalkonsulat.de\/wp-content\/uploads\/2024\/01\/tsctamanh214_qfuy.jpg","contentUrl":"https:\/\/vietnam-generalkonsulat.de\/wp-content\/uploads\/2024\/01\/tsctamanh214_qfuy.jpg","width":730,"height":514,"caption":"Der deutsche Bundespr\u00e4sident, Frank-Walter Steinmeier und seine Gattin,Elke B\u00fcdenbender (Foto: Deutsche Botschaft)"},{"@type":"BreadcrumbList","@id":"https:\/\/vietnam-generalkonsulat.de\/de\/bundespraesident-steinmeier-besucht-vietnam-3139\/#breadcrumb","itemListElement":[{"@type":"ListItem","position":1,"name":"Home","item":"https:\/\/vietnam-generalkonsulat.de\/"},{"@type":"ListItem","position":2,"name":"Bundespr\u00e4sident Steinmeier besucht Vietnam"}]},{"@type":"WebSite","@id":"https:\/\/vietnam-generalkonsulat.de\/#website","url":"https:\/\/vietnam-generalkonsulat.de\/","name":"T\u1ed5ng L\u00e3nh s\u1ef1 qu\u00e1n Vi\u1ec7t Nam t\u1ea1i Frankfurt am Main","description":"Consulate General of the Socialist Republic of Vietnam in Frankfurt am Main","publisher":{"@id":"https:\/\/vietnam-generalkonsulat.de\/#organization"},"alternateName":"Generalkonsulat Vietnam in Frankfurt am Main","potentialAction":[{"@type":"SearchAction","target":{"@type":"EntryPoint","urlTemplate":"https:\/\/vietnam-generalkonsulat.de\/?s={search_term_string}"},"query-input":{"@type":"PropertyValueSpecification","valueRequired":true,"valueName":"search_term_string"}}],"inLanguage":"de"},{"@type":"Organization","@id":"https:\/\/vietnam-generalkonsulat.de\/#organization","name":"T\u1ed5ng L\u00e3nh s\u1ef1 qu\u00e1n Vi\u1ec7t Nam t\u1ea1i Frankfurt am Main","alternateName":"Generalkonsulat Vietnam in Frankfurt am Main","url":"https:\/\/vietnam-generalkonsulat.de\/","logo":{"@type":"ImageObject","inLanguage":"de","@id":"https:\/\/vietnam-generalkonsulat.de\/#\/schema\/logo\/image\/","url":"https:\/\/vietnam-generalkonsulat.de\/wp-content\/uploads\/2022\/03\/QuocHuy_400px.png","contentUrl":"https:\/\/vietnam-generalkonsulat.de\/wp-content\/uploads\/2022\/03\/QuocHuy_400px.png","width":400,"height":405,"caption":"T\u1ed5ng L\u00e3nh s\u1ef1 qu\u00e1n Vi\u1ec7t Nam t\u1ea1i Frankfurt am Main"},"image":{"@id":"https:\/\/vietnam-generalkonsulat.de\/#\/schema\/logo\/image\/"},"sameAs":["https:\/\/www.facebook.com\/vietnam.generalkonsulat"]},{"@type":"Person","@id":"https:\/\/vietnam-generalkonsulat.de\/#\/schema\/person\/390a4ea04bb432970e2dd697cc30ace9","name":"admin","image":{"@type":"ImageObject","inLanguage":"de","@id":"https:\/\/secure.gravatar.com\/avatar\/35e263e9b87239131d40f19c53fde5782163ab8ca9fd69666e25353b5e9ac241?s=96&d=mm&r=g","url":"https:\/\/secure.gravatar.com\/avatar\/35e263e9b87239131d40f19c53fde5782163ab8ca9fd69666e25353b5e9ac241?s=96&d=mm&r=g","contentUrl":"https:\/\/secure.gravatar.com\/avatar\/35e263e9b87239131d40f19c53fde5782163ab8ca9fd69666e25353b5e9ac241?s=96&d=mm&r=g","caption":"admin"}}]}},"publishpress_future_action":{"enabled":false,"date":"2026-05-07 02:35:43","action":"change-status","newStatus":"draft","terms":[],"taxonomy":"category","extraData":[]},"publishpress_future_workflow_manual_trigger":{"enabledWorkflows":[]},"_links":{"self":[{"href":"https:\/\/vietnam-generalkonsulat.de\/de\/wp-json\/wp\/v2\/posts\/3139","targetHints":{"allow":["GET"]}}],"collection":[{"href":"https:\/\/vietnam-generalkonsulat.de\/de\/wp-json\/wp\/v2\/posts"}],"about":[{"href":"https:\/\/vietnam-generalkonsulat.de\/de\/wp-json\/wp\/v2\/types\/post"}],"author":[{"embeddable":true,"href":"https:\/\/vietnam-generalkonsulat.de\/de\/wp-json\/wp\/v2\/users\/1"}],"replies":[{"embeddable":true,"href":"https:\/\/vietnam-generalkonsulat.de\/de\/wp-json\/wp\/v2\/comments?post=3139"}],"version-history":[{"count":4,"href":"https:\/\/vietnam-generalkonsulat.de\/de\/wp-json\/wp\/v2\/posts\/3139\/revisions"}],"predecessor-version":[{"id":3143,"href":"https:\/\/vietnam-generalkonsulat.de\/de\/wp-json\/wp\/v2\/posts\/3139\/revisions\/3143"}],"wp:featuredmedia":[{"embeddable":true,"href":"https:\/\/vietnam-generalkonsulat.de\/de\/wp-json\/wp\/v2\/media\/3122"}],"wp:attachment":[{"href":"https:\/\/vietnam-generalkonsulat.de\/de\/wp-json\/wp\/v2\/media?parent=3139"}],"wp:term":[{"taxonomy":"category","embeddable":true,"href":"https:\/\/vietnam-generalkonsulat.de\/de\/wp-json\/wp\/v2\/categories?post=3139"},{"taxonomy":"post_tag","embeddable":true,"href":"https:\/\/vietnam-generalkonsulat.de\/de\/wp-json\/wp\/v2\/tags?post=3139"}],"curies":[{"name":"wp","href":"https:\/\/api.w.org\/{rel}","templated":true}]}}